{"id":8775,"date":"2017-09-20T12:20:03","date_gmt":"2017-09-20T10:20:03","guid":{"rendered":"https:\/\/tourduvalat.org\/uncategorized\/caracteriser-de-nouveaux-pesticides-en-lagunes\/"},"modified":"2017-11-20T22:27:54","modified_gmt":"2017-11-20T21:27:54","slug":"caracteriser-de-nouveaux-pesticides-en-lagunes","status":"publish","type":"post","link":"https:\/\/tourduvalat.org\/en\/actualites-projets\/caracteriser-de-nouveaux-pesticides-en-lagunes\/","title":{"rendered":"Caract\u00e9riser de nouveaux pesticides en lagunes"},"content":{"rendered":"<h2>Nouvelle campagne 2017 dans le cadre du projet OBSLAG<\/h2>\n<div>\u00a0<\/div>\n<div>En compl\u00e9ment de la Directive Cadre sur l&#8217;Eau, et de l&#8217;\u00e9tude d&#8217;\u00e9valuation des flux polluants aux lagunes men\u00e9e par l&#8217;AERMC, L\u2019Ifremer en collaboration avec l\u2019Universit\u00e9 de Bordeaux a d\u00e9marr\u00e9 ce mois-ci une campagne de caract\u00e9risation plus fine de la probl\u00e9matique &#8220;pesticides&#8221; au niveau des lagunes m\u00e9diterran\u00e9ennes dans le cadre du projet OBSLAG\u00a0<a href=\"#_ftn1\" name=\"_ftnref1\" id=\"_ftnref1\">[1]<\/a>\u00a0(volet pesticides). Ce projet, pr\u00e9sent\u00e9 dans ses grandes lignes lors de la<a href=\"https:\/\/www.eaurmc.fr\/espace-dinformation\/colloques\/journee-technique-lagunes-mediterraneennes-le-26-mai-2016-a-montpellier.html\"> journ\u00e9e &#8220;Eau et Connaissance lagunes m\u00e9diterran\u00e9ennes&#8221; en mai 2016 \u00e0 Montpellier<\/a>, se concr\u00e9tise aujourd&#8217;hui.<\/div>\n<div>\u00a0<\/div>\n<div>Les suivis se d\u00e9rouleront de septembre 2017 \u00e0 septembre 2019, sur les 10 masses d&#8217;eau du r\u00e9seau flux du bassin Rh\u00f4ne M\u00e9diterran\u00e9e Corse, \u00e0 savoir : Canet, Bages, La Palme, Ayrolle, Thau, Palavasiens Est et Ouest, Or, Berre et Biguglia.<\/div>\n<div>\u00a0<\/div>\n<div>L&#8217;objectif du projet est de :<\/div>\n<div>1) compl\u00e9ter l&#8217;information sur la contamination des lagunes par les pesticides en recherchant de nouvelles substances pertinentes localement, mais non suivies jusqu&#8217;\u00e0 pr\u00e9sent dans le cadre de la DCE. 69 substances seront ainsi recherch\u00e9es parmi lesquelles glyphosate, 24D, carbendazime, metolachlor, acetochlor&#8230; ainsi que de nombreux m\u00e9tabolites.<\/div>\n<div>2) consolider un nouvel indicateur d\u00e9velopp\u00e9 pour \u00e9valuer le risque li\u00e9 \u00e0 la pr\u00e9sence de pesticides &#8220;en m\u00e9langes&#8221; dans les eaux des \u00e9cosyst\u00e8mes lagunaires. Ce travail permettra d&#8217;am\u00e9liorer notre vision de la probl\u00e9matique &#8220;pesticides&#8221; au sens large en lagune.<\/div>\n<div>Le rapport li\u00e9 \u00e0 la mise en \u0153uvre et au d\u00e9veloppement de cet indicateur sera prochainement disponible.<\/div>\n<div>\u00a0<\/div>\n<div>Les suivis consisteront \u00e0 placer dans les lagunes choisies, des \u00e9chantillonneurs passifs POCIS \u00e0 des p\u00e9riodes contrast\u00e9es, et de compl\u00e9ter ces suivis avec des \u00e9chantillons d&#8217;eau ponctuels pour certaines substances qui ne peuvent \u00eatre \u00e9chantillonn\u00e9es avec les POCIS, afin d&#8217;obtenir une image plus repr\u00e9sentative de la contamination ambiante et de son \u00e9volution annuelle.\u00a0<\/div>\n<div>\u00a0<\/div>\n<div>Les cages POCIS seront immerg\u00e9es pendant 3 semaines, 3 fois par an, pendant les 2 ans du suivi, plus pr\u00e9cis\u00e9ment en septembre-octobre, avril-mai et juin-juillet de chaque ann\u00e9e. Ces p\u00e9riodes ont \u00e9t\u00e9 choisies pour leur repr\u00e9sentativit\u00e9 vis-\u00e0-vis de l&#8217;ensemble des sources d&#8217;apports potentielles aux lagunes (diff\u00e9rents usages agricoles ou urbains), sur la base des suivis r\u00e9alis\u00e9s sur Thau et Or entre 2015 et 2016.<\/div>\n<div>\u00a0<\/div>\n<h2>Participez \u00e0 la campagne de suivi !<\/h2>\n<div>Si vous le souhaitez, vous pourrez participer aux sorties terrain, merci dans ce cas de contacter l\u2019\u00e9quipe de coordination.\u00a0<\/div>\n<div>\u00a0<\/div>\n<div>\u00a0<\/div>\n<div><strong>Contacts :\u00a0<\/strong><\/div>\n<div><a href=\"mailto:dmunaron@ifremer.fr\">dmunaron@ifremer.fr<\/a>, <a href=\"mailto:anais.giraud@aermc.fr\">anais.giraud@aermc.fr<\/a>, <a href=\"mailto:Serge.Mortreux@ifremer.fr\">Serge.Mortreux@ifremer.fr<\/a>, <a href=\"mailto:Valerie.Derolez@ifremer.fr\">Valerie.Derolez@ifremer.fr<\/a><\/div>\n<div>\u00a0<\/div>\n<div>\n<div>\n<div>\u00a0<\/div>\n<hr align=\"left\" size=\"1\" width=\"33%\" \/><\/div>\n<div><a href=\"#_ftnref1\" name=\"_ftn1\" style=\"background-color: rgb(255, 255, 255);\" title=\"\" id=\"_ftn1\">[1]<\/a>\u00a0<em>Financement AERMC, coordination Ifremer, collaboration Universit\u00e9 de Bordeaux<\/em><\/div>\n<div>\u00a0<\/div>\n<div><em>Date de publication : 20\/09\/2017<\/em><\/div>\n<\/div>\n<div>\u00a0<\/div>\n","protected":false},"excerpt":{"rendered":"<p>Nouvelle campagne 2017 dans le cadre du projet OBSLAG \u00a0 En compl\u00e9ment de la Directive Cadre sur l&#8217;Eau, et de l&#8217;\u00e9tude d&#8217;\u00e9valuation des flux polluants aux lagunes men\u00e9e par l&#8217;AERMC, L\u2019Ifremer en collaboration avec l\u2019Universit\u00e9 de Bordeaux a d\u00e9marr\u00e9 ce mois-ci une campagne de caract\u00e9risation plus fine de la probl\u00e9matique &#8220;pesticides&#8221; au niveau des lagunes [&hellip;]<\/p>\n","protected":false},"author":3,"featured_media":0,"comment_status":"open","ping_status":"open","sticky":false,"template":"","format":"standard","meta":{"_acf_changed":false,"inline_featured_image":false,"_exactmetrics_skip_tracking":false,"_exactmetrics_sitenote_active":false,"_exactmetrics_sitenote_note":"","_exactmetrics_sitenote_category":0,"footnotes":""},"categories":[46,102],"tags":[103],"class_list":["post-8775","post","type-post","status-publish","format-standard","hentry","category-actualites-projets","category-projects","tag-lagunes-en","country-france-en"],"acf":[],"_links":{"self":[{"href":"https:\/\/tourduvalat.org\/en\/wp-json\/wp\/v2\/posts\/8775","targetHints":{"allow":["GET"]}}],"collection":[{"href":"https:\/\/tourduvalat.org\/en\/wp-json\/wp\/v2\/posts"}],"about":[{"href":"https:\/\/tourduvalat.org\/en\/wp-json\/wp\/v2\/types\/post"}],"author":[{"embeddable":true,"href":"https:\/\/tourduvalat.org\/en\/wp-json\/wp\/v2\/users\/3"}],"replies":[{"embeddable":true,"href":"https:\/\/tourduvalat.org\/en\/wp-json\/wp\/v2\/comments?post=8775"}],"version-history":[{"count":2,"href":"https:\/\/tourduvalat.org\/en\/wp-json\/wp\/v2\/posts\/8775\/revisions"}],"predecessor-version":[{"id":12992,"href":"https:\/\/tourduvalat.org\/en\/wp-json\/wp\/v2\/posts\/8775\/revisions\/12992"}],"wp:attachment":[{"href":"https:\/\/tourduvalat.org\/en\/wp-json\/wp\/v2\/media?parent=8775"}],"wp:term":[{"taxonomy":"category","embeddable":true,"href":"https:\/\/tourduvalat.org\/en\/wp-json\/wp\/v2\/categories?post=8775"},{"taxonomy":"post_tag","embeddable":true,"href":"https:\/\/tourduvalat.org\/en\/wp-json\/wp\/v2\/tags?post=8775"}],"curies":[{"name":"wp","href":"https:\/\/api.w.org\/{rel}","templated":true}]}}